{"id":5319,"date":"2026-01-25T15:30:08","date_gmt":"2026-01-25T14:30:08","guid":{"rendered":"https:\/\/mcjnogent.org\/?p=5319"},"modified":"2026-02-22T14:14:18","modified_gmt":"2026-02-22T13:14:18","slug":"iew-conference-de-laurent-joly-lantisemitisme-de-bureau-au-coeur-de-ladministration-de-vichy","status":"publish","type":"post","link":"https:\/\/mcjnogent.org\/index.php\/2026\/01\/25\/iew-conference-de-laurent-joly-lantisemitisme-de-bureau-au-coeur-de-ladministration-de-vichy\/","title":{"rendered":"IEW Conf\u00e9rence de Laurent Joly \u00ab\u00a0L&rsquo;antis\u00e9mitisme de Bureau : au coeur de l&rsquo;Administration de Vichy\u00a0\u00bb"},"content":{"rendered":"\n<p class=\"has-medium-font-size\">Jeudi 12 F\u00e9vrier 2026 \u00e0 19h30<\/p>\n\n\n\n<figure class=\"wp-block-image size-large is-resized\"><img loading=\"lazy\" decoding=\"async\" width=\"724\" height=\"1024\" src=\"https:\/\/mcjnogent.org\/wp-content\/uploads\/2026\/01\/L.-Joly-724x1024.png\" alt=\"\" class=\"wp-image-5320\" style=\"width:428px;height:auto\" srcset=\"https:\/\/mcjnogent.org\/wp-content\/uploads\/2026\/01\/L.-Joly-724x1024.png 724w, https:\/\/mcjnogent.org\/wp-content\/uploads\/2026\/01\/L.-Joly-212x300.png 212w, https:\/\/mcjnogent.org\/wp-content\/uploads\/2026\/01\/L.-Joly-768x1086.png 768w, https:\/\/mcjnogent.org\/wp-content\/uploads\/2026\/01\/L.-Joly-1086x1536.png 1086w, https:\/\/mcjnogent.org\/wp-content\/uploads\/2026\/01\/L.-Joly.png 1414w\" sizes=\"auto, (max-width: 724px) 100vw, 724px\" \/><\/figure>\n\n\n\n<figure class=\"wp-block-image size-large is-resized\"><img loading=\"lazy\" decoding=\"async\" width=\"722\" height=\"1024\" src=\"https:\/\/mcjnogent.org\/wp-content\/uploads\/2026\/01\/LAURENT-JOLY-722x1024.jpg\" alt=\"\" class=\"wp-image-5336\" style=\"aspect-ratio:0.7050834930826616;width:397px;height:auto\" srcset=\"https:\/\/mcjnogent.org\/wp-content\/uploads\/2026\/01\/LAURENT-JOLY-722x1024.jpg 722w, https:\/\/mcjnogent.org\/wp-content\/uploads\/2026\/01\/LAURENT-JOLY-212x300.jpg 212w, https:\/\/mcjnogent.org\/wp-content\/uploads\/2026\/01\/LAURENT-JOLY-768x1089.jpg 768w, https:\/\/mcjnogent.org\/wp-content\/uploads\/2026\/01\/LAURENT-JOLY-1083x1536.jpg 1083w, https:\/\/mcjnogent.org\/wp-content\/uploads\/2026\/01\/LAURENT-JOLY.jpg 1410w\" sizes=\"auto, (max-width: 722px) 100vw, 722px\" \/><\/figure>\n\n\n\n<p class=\"has-medium-font-size\">L&rsquo;antis\u00e9mitisme de bureau : au c\u0153ur de l&rsquo;administration de Vichy (1940-1944)&nbsp;<\/p>\n\n\n\n<p>Par Laurent Joly<\/p>\n\n\n\n<p class=\"has-medium-font-size\">Pr\u00e9fecture de Police de Paris, 3e \u00e9tage. Sous la f\u00e9rule d\u2019Andr\u00e9 Tulard, chef du \u00ab service juif \u00bb, une centaine de fonctionnaires est charg\u00e9e d\u2019appliquer la r\u00e9glementation antis\u00e9mite, de ficher les juifs puis de pr\u00e9parer les rafles. <\/p>\n\n\n\n<p class=\"has-medium-font-size\">Au m\u00eame moment, les 1 000 agents du commissariat g\u00e9n\u00e9ral aux Questions juives mettent en \u0153uvre les multiples mesures d\u2019interdictions professionnelles et g\u00e8rent la spoliation des biens.<\/p>\n\n\n\n<p class=\"has-medium-font-size\">Directeur de recherche au CNRS, <strong>Laurent Joly<\/strong> est notamment l\u2019auteur de Naissance de l\u2019Action fran\u00e7aise (2015), de L\u2019\u00c9tat contre les juifs (2018) et de Cabu. La Rafle du Vel d\u2019Hiv (Tallandier, 2022).<\/p>\n\n\n\n<p class=\"has-medium-font-size\">PAF 10\u20ac &#8211; Inscriptions <a href=\"https:\/\/my.weezevent.com\/campus-val-de-marne-2025-2026\">https:\/\/my.weezevent.com\/campus-val-de-marne-2025-2026<\/a><\/p>\n\n\n\n<p class=\"has-medium-font-size\">(ou sur place chq \/ esp \/ CB) &#8211; Infos 0613081595<\/p>\n\n\n\n<p>La Conf\u00e9rence sera suivie d&rsquo;une s\u00e9ance de d\u00e9dicace<\/p>\n\n\n\n<p class=\"has-medium-font-size\"><strong>Maison de la Culture Juive &#8211; 20 Rue Andr\u00e9 Pontier 94130 Nogent sur Marne <\/strong><\/p>\n\n\n\n<p><\/p>\n","protected":false},"excerpt":{"rendered":"<p>Jeudi 12 F\u00e9vrier 2026 \u00e0 19h30 L&rsquo;antis\u00e9mitisme de bureau : au c\u0153ur de l&rsquo;administration de Vichy (1940-1944)&nbsp; Par Laurent Joly Pr\u00e9fecture de Police de Paris, 3e \u00e9tage. Sous la f\u00e9rule d\u2019Andr\u00e9 Tulard, chef du&#46;&#46;&#46;<\/p>\n","protected":false},"author":2,"featured_media":5349,"comment_status":"closed","ping_status":"closed","sticky":false,"template":"","format":"standard","meta":{"_EventAllDay":false,"_EventTimezone":"","_EventStartDate":"","_EventEndDate":"","_EventStartDateUTC":"","_EventEndDateUTC":"","_EventShowMap":false,"_EventShowMapLink":false,"_EventURL":"","_EventCost":"","_EventCostDescription":"","_EventCurrencySymbol":"","_EventCurrencyCode":"","_EventCurrencyPosition":"","_EventDateTimeSeparator":"","_EventTimeRangeSeparator":"","_EventOrganizerID":[],"_EventVenueID":0,"_OrganizerEmail":"","_OrganizerPhone":"","_OrganizerWebsite":"","_VenueAddress":"","_VenueCity":"","_VenueCountry":"","_VenueProvince":"","_VenueZip":"","_VenuePhone":"","_VenueURL":"","_VenueStateProvince":"","_VenueLat":"","_VenueLng":"","footnotes":""},"categories":[20,4,5],"tags":[],"class_list":["post-5319","post","type-post","status-publish","format-standard","has-post-thumbnail","hentry","category-conferences","category-evenements","category-institut-elie-wiesel"],"_links":{"self":[{"href":"https:\/\/mcjnogent.org\/index.php\/wp-json\/wp\/v2\/posts\/5319","targetHints":{"allow":["GET"]}}],"collection":[{"href":"https:\/\/mcjnogent.org\/index.php\/wp-json\/wp\/v2\/posts"}],"about":[{"href":"https:\/\/mcjnogent.org\/index.php\/wp-json\/wp\/v2\/types\/post"}],"author":[{"embeddable":true,"href":"https:\/\/mcjnogent.org\/index.php\/wp-json\/wp\/v2\/users\/2"}],"replies":[{"embeddable":true,"href":"https:\/\/mcjnogent.org\/index.php\/wp-json\/wp\/v2\/comments?post=5319"}],"version-history":[{"count":3,"href":"https:\/\/mcjnogent.org\/index.php\/wp-json\/wp\/v2\/posts\/5319\/revisions"}],"predecessor-version":[{"id":5338,"href":"https:\/\/mcjnogent.org\/index.php\/wp-json\/wp\/v2\/posts\/5319\/revisions\/5338"}],"wp:featuredmedia":[{"embeddable":true,"href":"https:\/\/mcjnogent.org\/index.php\/wp-json\/wp\/v2\/media\/5349"}],"wp:attachment":[{"href":"https:\/\/mcjnogent.org\/index.php\/wp-json\/wp\/v2\/media?parent=5319"}],"wp:term":[{"taxonomy":"category","embeddable":true,"href":"https:\/\/mcjnogent.org\/index.php\/wp-json\/wp\/v2\/categories?post=5319"},{"taxonomy":"post_tag","embeddable":true,"href":"https:\/\/mcjnogent.org\/index.php\/wp-json\/wp\/v2\/tags?post=5319"}],"curies":[{"name":"wp","href":"https:\/\/api.w.org\/{rel}","templated":true}]}}