{"id":5252,"date":"2025-11-29T08:21:40","date_gmt":"2025-11-29T07:21:40","guid":{"rendered":"https:\/\/mcjnogent.org\/?p=5252"},"modified":"2025-12-19T14:41:43","modified_gmt":"2025-12-19T13:41:43","slug":"pourquoi-les-disparus-de-daniel-mendelsohn-est-il-un-grand-livre","status":"publish","type":"post","link":"https:\/\/mcjnogent.org\/index.php\/2025\/11\/29\/pourquoi-les-disparus-de-daniel-mendelsohn-est-il-un-grand-livre\/","title":{"rendered":"IEW Pourquoi\u00a0Les Disparus\u00a0de Daniel Mendelsohn est-il un grand livre ?"},"content":{"rendered":"\n<h2 class=\"wp-block-heading has-medium-font-size\">Institut Elie Wiesel \/Campus Val de Marne <\/h2>\n\n\n\n<p class=\"has-medium-font-size\"><strong>Jeudi 11 d\u00e9cembre 2025, \u00e0 20h.<\/strong><\/p>\n\n\n\n<p class=\"has-medium-font-size\"><strong>Avec Aur\u00e9lie Barjonnet &#8211; Professeur de Litt\u00e9rature<\/strong><\/p>\n\n\n\n<figure class=\"wp-block-image size-large is-resized\"><img loading=\"lazy\" decoding=\"async\" width=\"724\" height=\"1024\" src=\"https:\/\/mcjnogent.org\/wp-content\/uploads\/2025\/11\/A.-Barjolet-724x1024.png\" alt=\"\" class=\"wp-image-5253\" style=\"width:441px;height:auto\" srcset=\"https:\/\/mcjnogent.org\/wp-content\/uploads\/2025\/11\/A.-Barjolet-724x1024.png 724w, https:\/\/mcjnogent.org\/wp-content\/uploads\/2025\/11\/A.-Barjolet-212x300.png 212w, https:\/\/mcjnogent.org\/wp-content\/uploads\/2025\/11\/A.-Barjolet-768x1086.png 768w, https:\/\/mcjnogent.org\/wp-content\/uploads\/2025\/11\/A.-Barjolet-1086x1536.png 1086w, https:\/\/mcjnogent.org\/wp-content\/uploads\/2025\/11\/A.-Barjolet.png 1414w\" sizes=\"auto, (max-width: 724px) 100vw, 724px\" \/><\/figure>\n\n\n\n<p class=\"has-medium-font-size\">En 2007, la France d\u00e9couvre l\u2019enqu\u00eate de l\u2019Am\u00e9ricain Daniel Mendelsohn sur les traces de ses anc\u00eatres disparus dans la Shoah. \u00c0 la diff\u00e9rence de ses fr\u00e8res et s\u0153urs, son grand-oncle est rest\u00e9 vivre avec sa famille dans sa petite ville de Galicie o\u00f9 Juifs, Polonais et Ukrainiens vivaient en bonne entente depuis trois cents ans. Pour retrouver leur histoire, Daniel Mendelsohn, n\u00e9 en 1967, parcourt pendant quatre ans une dizaine de pays. Puis il met en sc\u00e8ne cette investigation familiale en la m\u00ealant \u00e0 l\u2019histoire universelle, celle de la Gen\u00e8se.<\/p>\n\n\n\n<p class=\"has-medium-font-size\">Une passionnante soir\u00e9e avec Aur\u00e9lie Barjonnet <\/p>\n\n\n\n<p class=\"has-medium-font-size\">Professeure de Litt\u00e9rature g\u00e9n\u00e9rale et compar\u00e9e,\u00a0<a href=\"https:\/\/humanites.univ-lille.fr\/lettres-modernes\/presentation-et-organisation\/les-enseignants\">Universit\u00e9 de Lille<\/a>\u00a0&#8211; Membre du laboratoire\u00a0<a href=\"https:\/\/pro.univ-lille.fr\/aurelie-barjonet\/\">ALITHILA<\/a><\/p>\n\n\n\n<p class=\"has-medium-font-size\"><strong>Lieu : Maison de la Culture Juive &#8211; 20 Rue Andr\u00e9 Pontier 94130 Nogent sur Marne <\/strong><\/p>\n\n\n\n<p class=\"has-medium-font-size\"><strong>Inscriptions : <a href=\"https:\/\/my.weezevent.com\/campus-val-de-marne-2025-2026\">https:\/\/my.weezevent.com\/campus-val-de-marne-2025-2026<\/a><\/strong><\/p>\n\n\n\n<p class=\"has-medium-font-size\"><strong>Infos : mcjnogent@gmail.com<\/strong><\/p>\n\n\n\n<p><\/p>\n","protected":false},"excerpt":{"rendered":"<p>Institut Elie Wiesel \/Campus Val de Marne Jeudi 11 d\u00e9cembre 2025, \u00e0 20h. Avec Aur\u00e9lie Barjonnet &#8211; Professeur de Litt\u00e9rature En 2007, la France d\u00e9couvre l\u2019enqu\u00eate de l\u2019Am\u00e9ricain Daniel Mendelsohn sur les traces de&#46;&#46;&#46;<\/p>\n","protected":false},"author":2,"featured_media":5254,"comment_status":"closed","ping_status":"closed","sticky":false,"template":"","format":"standard","meta":{"_EventAllDay":false,"_EventTimezone":"","_EventStartDate":"","_EventEndDate":"","_EventStartDateUTC":"","_EventEndDateUTC":"","_EventShowMap":false,"_EventShowMapLink":false,"_EventURL":"","_EventCost":"","_EventCostDescription":"","_EventCurrencySymbol":"","_EventCurrencyCode":"","_EventCurrencyPosition":"","_EventDateTimeSeparator":"","_EventTimeRangeSeparator":"","_EventOrganizerID":[],"_EventVenueID":0,"_OrganizerEmail":"","_OrganizerPhone":"","_OrganizerWebsite":"","_VenueAddress":"","_VenueCity":"","_VenueCountry":"","_VenueProvince":"","_VenueZip":"","_VenuePhone":"","_VenueURL":"","_VenueStateProvince":"","_VenueLat":"","_VenueLng":"","footnotes":""},"categories":[5],"tags":[],"class_list":["post-5252","post","type-post","status-publish","format-standard","has-post-thumbnail","hentry","category-institut-elie-wiesel"],"_links":{"self":[{"href":"https:\/\/mcjnogent.org\/index.php\/wp-json\/wp\/v2\/posts\/5252","targetHints":{"allow":["GET"]}}],"collection":[{"href":"https:\/\/mcjnogent.org\/index.php\/wp-json\/wp\/v2\/posts"}],"about":[{"href":"https:\/\/mcjnogent.org\/index.php\/wp-json\/wp\/v2\/types\/post"}],"author":[{"embeddable":true,"href":"https:\/\/mcjnogent.org\/index.php\/wp-json\/wp\/v2\/users\/2"}],"replies":[{"embeddable":true,"href":"https:\/\/mcjnogent.org\/index.php\/wp-json\/wp\/v2\/comments?post=5252"}],"version-history":[{"count":4,"href":"https:\/\/mcjnogent.org\/index.php\/wp-json\/wp\/v2\/posts\/5252\/revisions"}],"predecessor-version":[{"id":5284,"href":"https:\/\/mcjnogent.org\/index.php\/wp-json\/wp\/v2\/posts\/5252\/revisions\/5284"}],"wp:featuredmedia":[{"embeddable":true,"href":"https:\/\/mcjnogent.org\/index.php\/wp-json\/wp\/v2\/media\/5254"}],"wp:attachment":[{"href":"https:\/\/mcjnogent.org\/index.php\/wp-json\/wp\/v2\/media?parent=5252"}],"wp:term":[{"taxonomy":"category","embeddable":true,"href":"https:\/\/mcjnogent.org\/index.php\/wp-json\/wp\/v2\/categories?post=5252"},{"taxonomy":"post_tag","embeddable":true,"href":"https:\/\/mcjnogent.org\/index.php\/wp-json\/wp\/v2\/tags?post=5252"}],"curies":[{"name":"wp","href":"https:\/\/api.w.org\/{rel}","templated":true}]}}