{"id":5147,"date":"2025-05-19T12:29:22","date_gmt":"2025-05-19T10:29:22","guid":{"rendered":"https:\/\/mcjnogent.org\/?p=5147"},"modified":"2025-05-19T12:29:22","modified_gmt":"2025-05-19T10:29:22","slug":"visite-guidee-avec-conferencier-de-lexposition-alfred-dreyfus-verite-et-justice","status":"publish","type":"post","link":"https:\/\/mcjnogent.org\/index.php\/2025\/05\/19\/visite-guidee-avec-conferencier-de-lexposition-alfred-dreyfus-verite-et-justice\/","title":{"rendered":"Visite Guid\u00e9e avec Conf\u00e9rencier de l&rsquo;exposition \u00ab\u00a0Alfred Dreyfus, V\u00e9rit\u00e9 et Justice\u00a0\u00bb"},"content":{"rendered":"\n<p class=\"has-medium-font-size\">Mardi 1er Juillet 2025 \u00e0 14h15 au Mus\u00e9e d&rsquo;Art et d&rsquo;Histoire du Juda\u00efsme <\/p>\n\n\n\n<figure class=\"wp-block-image size-full\"><img loading=\"lazy\" decoding=\"async\" width=\"397\" height=\"520\" src=\"https:\/\/mcjnogent.org\/wp-content\/uploads\/2025\/05\/Visuel-couv-Alfred-Dreyfus-min.jpg\" alt=\"\" class=\"wp-image-5148\" srcset=\"https:\/\/mcjnogent.org\/wp-content\/uploads\/2025\/05\/Visuel-couv-Alfred-Dreyfus-min.jpg 397w, https:\/\/mcjnogent.org\/wp-content\/uploads\/2025\/05\/Visuel-couv-Alfred-Dreyfus-min-229x300.jpg 229w\" sizes=\"auto, (max-width: 397px) 100vw, 397px\" \/><\/figure>\n\n\n\n<p class=\"has-medium-font-size\">Pr\u00e8s de vingt ans apr\u00e8s sa premi\u00e8re exposition consacr\u00e9e \u00e0 Alfred Dreyfus, le mahJ revient sur&nbsp;\u00ab&nbsp;l\u2019Affaire&nbsp;\u00bb&nbsp;pour rappeler les&nbsp;grandes \u00e9tapes de ce moment crucial de l\u2019histoire de France, dont une des nombreuses cons\u00e9quences fut la loi de&nbsp;s\u00e9paration des \u00c9glises et de l\u2019\u00c9tat. L&rsquo;exposition r\u00e9v\u00e8le le combat acharn\u00e9 de Dreyfus pour faire \u00e9clater la v\u00e9rit\u00e9, corrigeant l&rsquo;image d&rsquo;un homme spectateur de la machination qui le conduisit \u00e0 passer plus de quatre ann\u00e9es&nbsp;\u00e0 l&rsquo;\u00eele du Diable&nbsp;et encore sept \u00e0 lutter pour sa r\u00e9habilitation.&nbsp;<\/p>\n\n\n\n<p class=\"has-medium-font-size\">Rassemblant pr\u00e8s de 250 documents d\u2019archives,&nbsp;photographies, extraits de films et une soixantaine d\u2019\u0153uvres&nbsp;d\u2019art \u2013 de Jacques-\u00c9mile Blanche, Gustave Caillebotte, Eug\u00e8ne&nbsp;Carri\u00e8re, \u00c9mile Gall\u00e9, Maximilien Luce, Camille Pissarro,&nbsp;F\u00e9lix Vallotton ou \u00c9douard Vuillard \u2013, l\u2019exposition raconte&nbsp;l\u2019Affaire \u00ab&nbsp;avec&nbsp;\u00bb Dreyfus, en le repla\u00e7ant au centre du propos.&nbsp;Cette approche nouvelle corrige l\u2019image d\u2019un Dreyfus effac\u00e9.&nbsp;Elle r\u00e9v\u00e8le un inlassable combattant de la v\u00e9rit\u00e9, auteur de&nbsp;multiples \u00e9crits, dont de nombreux in\u00e9dits r\u00e9cemment sortis de l&rsquo;oubli.<\/p>\n\n\n\n<p>PAF 20\u20ac R\u00e9servation obligatoire au 0613081595 &#8211; Places tr\u00e8s limit\u00e9es <\/p>\n","protected":false},"excerpt":{"rendered":"<p>Mardi 1er Juillet 2025 \u00e0 14h15 au Mus\u00e9e d&rsquo;Art et d&rsquo;Histoire du Juda\u00efsme Pr\u00e8s de vingt ans apr\u00e8s sa premi\u00e8re exposition consacr\u00e9e \u00e0 Alfred Dreyfus, le mahJ revient sur&nbsp;\u00ab&nbsp;l\u2019Affaire&nbsp;\u00bb&nbsp;pour rappeler les&nbsp;grandes \u00e9tapes de ce&#46;&#46;&#46;<\/p>\n","protected":false},"author":2,"featured_media":5148,"comment_status":"closed","ping_status":"closed","sticky":false,"template":"","format":"standard","meta":{"_EventAllDay":false,"_EventTimezone":"","_EventStartDate":"","_EventEndDate":"","_EventStartDateUTC":"","_EventEndDateUTC":"","_EventShowMap":false,"_EventShowMapLink":false,"_EventURL":"","_EventCost":"","_EventCostDescription":"","_EventCurrencySymbol":"","_EventCurrencyCode":"","_EventCurrencyPosition":"","_EventDateTimeSeparator":"","_EventTimeRangeSeparator":"","_EventOrganizerID":[],"_EventVenueID":0,"_OrganizerEmail":"","_OrganizerPhone":"","_OrganizerWebsite":"","_VenueAddress":"","_VenueCity":"","_VenueCountry":"","_VenueProvince":"","_VenueZip":"","_VenuePhone":"","_VenueURL":"","_VenueStateProvince":"","_VenueLat":"","_VenueLng":"","footnotes":""},"categories":[4,17],"tags":[],"class_list":["post-5147","post","type-post","status-publish","format-standard","has-post-thumbnail","hentry","category-evenements","category-visites-guidees"],"_links":{"self":[{"href":"https:\/\/mcjnogent.org\/index.php\/wp-json\/wp\/v2\/posts\/5147","targetHints":{"allow":["GET"]}}],"collection":[{"href":"https:\/\/mcjnogent.org\/index.php\/wp-json\/wp\/v2\/posts"}],"about":[{"href":"https:\/\/mcjnogent.org\/index.php\/wp-json\/wp\/v2\/types\/post"}],"author":[{"embeddable":true,"href":"https:\/\/mcjnogent.org\/index.php\/wp-json\/wp\/v2\/users\/2"}],"replies":[{"embeddable":true,"href":"https:\/\/mcjnogent.org\/index.php\/wp-json\/wp\/v2\/comments?post=5147"}],"version-history":[{"count":1,"href":"https:\/\/mcjnogent.org\/index.php\/wp-json\/wp\/v2\/posts\/5147\/revisions"}],"predecessor-version":[{"id":5149,"href":"https:\/\/mcjnogent.org\/index.php\/wp-json\/wp\/v2\/posts\/5147\/revisions\/5149"}],"wp:featuredmedia":[{"embeddable":true,"href":"https:\/\/mcjnogent.org\/index.php\/wp-json\/wp\/v2\/media\/5148"}],"wp:attachment":[{"href":"https:\/\/mcjnogent.org\/index.php\/wp-json\/wp\/v2\/media?parent=5147"}],"wp:term":[{"taxonomy":"category","embeddable":true,"href":"https:\/\/mcjnogent.org\/index.php\/wp-json\/wp\/v2\/categories?post=5147"},{"taxonomy":"post_tag","embeddable":true,"href":"https:\/\/mcjnogent.org\/index.php\/wp-json\/wp\/v2\/tags?post=5147"}],"curies":[{"name":"wp","href":"https:\/\/api.w.org\/{rel}","templated":true}]}}