{"id":5055,"date":"2025-01-03T06:12:06","date_gmt":"2025-01-03T05:12:06","guid":{"rendered":"https:\/\/mcjnogent.org\/?p=5055"},"modified":"2025-01-03T06:15:58","modified_gmt":"2025-01-03T05:15:58","slug":"le-choix-du-pianiste-avant-premiere-en-presence-de-lequipe-du-film","status":"publish","type":"post","link":"https:\/\/mcjnogent.org\/index.php\/2025\/01\/03\/le-choix-du-pianiste-avant-premiere-en-presence-de-lequipe-du-film\/","title":{"rendered":"\u00ab\u00a0LE CHOIX DU PIANISTE\u00a0\u00bb AVANT-PREMIERE en pr\u00e9sence de l\u2019\u00e9quipe du film. Festival DIA(S)PORAMA"},"content":{"rendered":"\n<p><strong>Dimanche 26 Janvier 2025 \u00e0 18h<\/strong>&nbsp;&nbsp;&nbsp;Cin\u00e9\/D\u00e9bat <strong>Au Cin\u00e9ma Royal Palace<\/strong><\/p>\n\n\n\n<figure class=\"wp-block-image size-full is-resized\"><img loading=\"lazy\" decoding=\"async\" width=\"310\" height=\"420\" src=\"https:\/\/mcjnogent.org\/wp-content\/uploads\/2025\/01\/Le-Choix-du-pianiste.jpg\" alt=\"\" class=\"wp-image-5056\" style=\"width:399px;height:auto\" srcset=\"https:\/\/mcjnogent.org\/wp-content\/uploads\/2025\/01\/Le-Choix-du-pianiste.jpg 310w, https:\/\/mcjnogent.org\/wp-content\/uploads\/2025\/01\/Le-Choix-du-pianiste-221x300.jpg 221w\" sizes=\"auto, (max-width: 310px) 100vw, 310px\" \/><\/figure>\n\n\n\n<p><strong>AVANT-PREMIERE NATIONALE<\/strong><strong> <u>En pr\u00e9sence de l\u2019\u00e9quipe du film<\/u><\/strong> : <\/p>\n\n\n\n<ul class=\"wp-block-list\">\n<li><strong>Jacques Otmezguine, r\u00e9alisateur<\/strong><\/li>\n\n\n\n<li><strong>Nelly Kafsky, productrice<\/strong><\/li>\n\n\n\n<li><strong>Laurence C\u00f4t\u00e9, com\u00e9dienne<\/strong><\/li>\n<\/ul>\n\n\n\n<p><strong>&nbsp;&nbsp;&nbsp;&nbsp;&nbsp;&nbsp;&nbsp;<br><\/strong>&nbsp;&nbsp;&nbsp;&nbsp;&nbsp;&nbsp; &nbsp;&nbsp;(Drame \/ France \/ 2024 \/ 106 min)&nbsp; FESTIVAL DU FILM FRANCOPHONE D\u2019ANGOUL\u00caME&nbsp;&#8211; ARRAS FILM FESTIVAL<\/p>\n\n\n\n<p class=\"has-medium-font-size\"><em><strong>La Maison de la Culture Juive partenaire du Festival DIA(S)PORAMA<\/strong><\/em><\/p>\n\n\n\n<figure class=\"wp-block-image size-full\"><img loading=\"lazy\" decoding=\"async\" width=\"945\" height=\"135\" src=\"https:\/\/mcjnogent.org\/wp-content\/uploads\/2025\/01\/image.png\" alt=\"\" class=\"wp-image-5057\" srcset=\"https:\/\/mcjnogent.org\/wp-content\/uploads\/2025\/01\/image.png 945w, https:\/\/mcjnogent.org\/wp-content\/uploads\/2025\/01\/image-300x43.png 300w, https:\/\/mcjnogent.org\/wp-content\/uploads\/2025\/01\/image-768x110.png 768w\" sizes=\"auto, (max-width: 945px) 100vw, 945px\" \/><\/figure>\n\n\n\n<p><\/p>\n\n\n\n<p class=\"has-medium-font-size\">\u00a0\u00c0 l\u2019aube de la Seconde Guerre mondiale, Fran\u00e7ois Touraine, grand virtuose du piano, n\u2019a d\u2019autre choix que de partir jouer en Allemagne pour sauver la femme qu\u2019il aime, sa professeure. Rachel est juive dans une \u00e9poque qui ne le permet plus\u2026 \u00c0 son retour en France, il n\u2019est plus que l\u2019ombre de lui-m\u00eame lorsqu\u2019il rencontre Annette. Elle fera un geste incroyable pour lui permettre de remonter sur sc\u00e8ne.<br>\u00c0 travers des choix d\u00e9chirants et des passions in\u00e9branlables, le r\u00e9alisateur tisse une histoire o\u00f9 la qu\u00eate de libert\u00e9 et d&rsquo;expression artistique devient un acte de courage.<\/p>\n\n\n\n<p class=\"has-medium-font-size\">&nbsp;<em>Un grand film historique qui traverse les d\u00e9cennies, des ann\u00e9es 1920 aux ann\u00e9es 1950 !<\/em><\/p>\n\n\n\n<p class=\"has-medium-font-size\"><strong>Billetterie<\/strong> : Caisses du Cin\u00e9ma Royal Palace&nbsp;\u2013 165 Grande Rue \u2013 94130 Nogent<\/p>\n\n\n\n<figure class=\"wp-block-embed is-type-video is-provider-youtube wp-block-embed-youtube wp-embed-aspect-16-9 wp-has-aspect-ratio\"><div class=\"wp-block-embed__wrapper\">\n<div class=\"video-container\"><iframe loading=\"lazy\" title=\"Le choix du pianiste Bande annonce VF 2025 Trailer VF Drame, Historique\" width=\"500\" height=\"281\" src=\"https:\/\/www.youtube.com\/embed\/_XZPRKLdpZ4?feature=oembed&#038;wmode=opaque\" frameborder=\"0\" allow=\"accelerometer; autoplay; clipboard-write; encrypted-media; gyroscope; picture-in-picture; web-share\" referrerpolicy=\"strict-origin-when-cross-origin\" allowfullscreen><\/iframe><\/div>\n<\/div><\/figure>\n","protected":false},"excerpt":{"rendered":"<p>Dimanche 26 Janvier 2025 \u00e0 18h&nbsp;&nbsp;&nbsp;Cin\u00e9\/D\u00e9bat Au Cin\u00e9ma Royal Palace AVANT-PREMIERE NATIONALE En pr\u00e9sence de l\u2019\u00e9quipe du film : &nbsp;&nbsp;&nbsp;&nbsp;&nbsp;&nbsp;&nbsp;&nbsp;&nbsp;&nbsp;&nbsp;&nbsp;&nbsp; &nbsp;&nbsp;(Drame \/ France \/ 2024 \/ 106 min)&nbsp; FESTIVAL DU FILM FRANCOPHONE D\u2019ANGOUL\u00caME&nbsp;&#8211; ARRAS&#46;&#46;&#46;<\/p>\n","protected":false},"author":2,"featured_media":5056,"comment_status":"closed","ping_status":"closed","sticky":false,"template":"","format":"standard","meta":{"_EventAllDay":false,"_EventTimezone":"","_EventStartDate":"","_EventEndDate":"","_EventStartDateUTC":"","_EventEndDateUTC":"","_EventShowMap":false,"_EventShowMapLink":false,"_EventURL":"","_EventCost":"","_EventCostDescription":"","_EventCurrencySymbol":"","_EventCurrencyCode":"","_EventCurrencyPosition":"","_EventDateTimeSeparator":"","_EventTimeRangeSeparator":"","_EventOrganizerID":[],"_EventVenueID":0,"_OrganizerEmail":"","_OrganizerPhone":"","_OrganizerWebsite":"","_VenueAddress":"","_VenueCity":"","_VenueCountry":"","_VenueProvince":"","_VenueZip":"","_VenuePhone":"","_VenueURL":"","_VenueStateProvince":"","_VenueLat":"","_VenueLng":"","footnotes":""},"categories":[18,4],"tags":[],"class_list":["post-5055","post","type-post","status-publish","format-standard","has-post-thumbnail","hentry","category-cinema","category-evenements"],"_links":{"self":[{"href":"https:\/\/mcjnogent.org\/index.php\/wp-json\/wp\/v2\/posts\/5055","targetHints":{"allow":["GET"]}}],"collection":[{"href":"https:\/\/mcjnogent.org\/index.php\/wp-json\/wp\/v2\/posts"}],"about":[{"href":"https:\/\/mcjnogent.org\/index.php\/wp-json\/wp\/v2\/types\/post"}],"author":[{"embeddable":true,"href":"https:\/\/mcjnogent.org\/index.php\/wp-json\/wp\/v2\/users\/2"}],"replies":[{"embeddable":true,"href":"https:\/\/mcjnogent.org\/index.php\/wp-json\/wp\/v2\/comments?post=5055"}],"version-history":[{"count":2,"href":"https:\/\/mcjnogent.org\/index.php\/wp-json\/wp\/v2\/posts\/5055\/revisions"}],"predecessor-version":[{"id":5060,"href":"https:\/\/mcjnogent.org\/index.php\/wp-json\/wp\/v2\/posts\/5055\/revisions\/5060"}],"wp:featuredmedia":[{"embeddable":true,"href":"https:\/\/mcjnogent.org\/index.php\/wp-json\/wp\/v2\/media\/5056"}],"wp:attachment":[{"href":"https:\/\/mcjnogent.org\/index.php\/wp-json\/wp\/v2\/media?parent=5055"}],"wp:term":[{"taxonomy":"category","embeddable":true,"href":"https:\/\/mcjnogent.org\/index.php\/wp-json\/wp\/v2\/categories?post=5055"},{"taxonomy":"post_tag","embeddable":true,"href":"https:\/\/mcjnogent.org\/index.php\/wp-json\/wp\/v2\/tags?post=5055"}],"curies":[{"name":"wp","href":"https:\/\/api.w.org\/{rel}","templated":true}]}}