{"id":4311,"date":"2022-11-02T11:52:56","date_gmt":"2022-11-02T10:52:56","guid":{"rendered":"https:\/\/mcjnogent.org\/?p=4311"},"modified":"2022-11-24T22:18:24","modified_gmt":"2022-11-24T21:18:24","slug":"lecon-inaugurale-institut-elie-wiesel-3","status":"publish","type":"post","link":"https:\/\/mcjnogent.org\/index.php\/2022\/11\/02\/lecon-inaugurale-institut-elie-wiesel-3\/","title":{"rendered":"Le\u00e7on Inaugurale Institut Elie Wiesel"},"content":{"rendered":"\n<p class=\"has-vivid-red-color has-text-color has-medium-font-size\"><strong>Samedi 3 D\u00e9cembre 2022 \u00e0 20h \u00e0 la Maison de la Culture Juive<\/strong><\/p>\n\n\n\n<p><strong><em>Dans le cadre de la Chaire Jacques Tol\u00e9dano pour le dialogue des cultures<\/em><\/strong> <\/p>\n\n\n\n<p class=\"has-large-font-size\">Avec Fr\u00e9d\u00e9ric Encel<\/p>\n\n\n\n<p class=\"has-medium-font-size\">Essayiste et g\u00e9opolitologue, &nbsp;Professeur&nbsp;de relations internationales et de sciences politiques &#8230;<\/p>\n\n\n\n<h2 class=\"wp-block-heading\"><strong><em>\u00ab&nbsp;Isra\u00ebl et les Emirats arabes unis&nbsp;: un cas d\u2019\u00e9cole g\u00e9opolitique&nbsp;\u00bb<\/em><\/strong><\/h2>\n\n\n\n<div class=\"wp-block-media-text alignwide is-stacked-on-mobile\"><figure class=\"wp-block-media-text__media\"><img loading=\"lazy\" decoding=\"async\" width=\"1024\" height=\"683\" src=\"https:\/\/mcjnogent.org\/wp-content\/uploads\/2022\/11\/frederic-encel-1-1024x683.jpg\" alt=\"\" class=\"wp-image-4313 size-full\" srcset=\"https:\/\/mcjnogent.org\/wp-content\/uploads\/2022\/11\/frederic-encel-1-1024x683.jpg 1024w, https:\/\/mcjnogent.org\/wp-content\/uploads\/2022\/11\/frederic-encel-1-300x200.jpg 300w, https:\/\/mcjnogent.org\/wp-content\/uploads\/2022\/11\/frederic-encel-1-768x512.jpg 768w, https:\/\/mcjnogent.org\/wp-content\/uploads\/2022\/11\/frederic-encel-1.jpg 1500w\" sizes=\"auto, (max-width: 1024px) 100vw, 1024px\" \/><\/figure><div class=\"wp-block-media-text__content\">\n<p class=\"has-text-align-left has-medium-font-size\">Beaucoup affirm\u00e8rent des d\u00e9cennies durant que sans r\u00e8glement du conflit isra\u00e9lo-palestinien, aucun Etat arabe ne ferait la paix avec Isra\u00ebl, en d\u00e9pit m\u00eame des trait\u00e9s d\u00e9j\u00e0 conclus avec l\u2019Egypte et la Jordanie. Les accords d\u2019Abraham de 2020 leur ont apport\u00e9 un d\u00e9menti cinglant, et en particulier le partenariat abouti et prometteur avec les Emirats. Quelles sont les causes et les perspectives de ce qui appara\u00eet d\u2019ores et d\u00e9j\u00e0 comme une v\u00e9ritable alliance\u00a0strat\u00e9gique entre cet Etat arabe et l\u2019Etat juif ?<\/p>\n\n\n\n<p class=\"has-medium-font-size\"><em>Pr\u00e9sentation Sandrine Szwarc, Directrice des programmes IEW<\/em><\/p>\n\n\n\n<p class=\"has-medium-font-size\">R\u00e9servations obligatoire : 06 12 12 06 95                                       mcjnogent@gmail.com<\/p>\n<\/div><\/div>\n\n\n\n<p><\/p>\n\n\n<p style=\"text-align: left\"><strong>Institut Universitaire d\u2019Etudes Juives Elie Wiesel CAMPUS VAL DE MARNE <\/strong><\/p>\n<p style=\"text-align: left\"><strong>Maison de la Culture Juive &#8211; 20 Rue Andr\u00e9 Pontier NOGENT (94)&nbsp;<\/strong><\/p>\n<h3 style=\"text-align: center\"><em>Ann\u00e9e Universitaire 2022\/2023 en hommage \u00e0 Mme H\u00e9l\u00e8ne Alembik z\u2019l\u2019<\/em><\/h3>\n<p><\/p>","protected":false},"excerpt":{"rendered":"<p>Samedi 3 D\u00e9cembre 2022 \u00e0 20h \u00e0 la Maison de la Culture Juive Dans le cadre de la Chaire Jacques Tol\u00e9dano pour le dialogue des cultures Avec Fr\u00e9d\u00e9ric Encel Essayiste et g\u00e9opolitologue, &nbsp;Professeur&nbsp;de relations&#46;&#46;&#46;<\/p>\n","protected":false},"author":2,"featured_media":4313,"comment_status":"closed","ping_status":"closed","sticky":false,"template":"","format":"standard","meta":{"_EventAllDay":false,"_EventTimezone":"","_EventStartDate":"","_EventEndDate":"","_EventStartDateUTC":"","_EventEndDateUTC":"","_EventShowMap":false,"_EventShowMapLink":false,"_EventURL":"","_EventCost":"","_EventCostDescription":"","_EventCurrencySymbol":"","_EventCurrencyCode":"","_EventCurrencyPosition":"","_EventDateTimeSeparator":"","_EventTimeRangeSeparator":"","_EventOrganizerID":[],"_EventVenueID":0,"_OrganizerEmail":"","_OrganizerPhone":"","_OrganizerWebsite":"","_VenueAddress":"","_VenueCity":"","_VenueCountry":"","_VenueProvince":"","_VenueZip":"","_VenuePhone":"","_VenueURL":"","_VenueStateProvince":"","_VenueLat":"","_VenueLng":"","footnotes":""},"categories":[20,4,5],"tags":[],"class_list":["post-4311","post","type-post","status-publish","format-standard","has-post-thumbnail","hentry","category-conferences","category-evenements","category-institut-elie-wiesel"],"_links":{"self":[{"href":"https:\/\/mcjnogent.org\/index.php\/wp-json\/wp\/v2\/posts\/4311","targetHints":{"allow":["GET"]}}],"collection":[{"href":"https:\/\/mcjnogent.org\/index.php\/wp-json\/wp\/v2\/posts"}],"about":[{"href":"https:\/\/mcjnogent.org\/index.php\/wp-json\/wp\/v2\/types\/post"}],"author":[{"embeddable":true,"href":"https:\/\/mcjnogent.org\/index.php\/wp-json\/wp\/v2\/users\/2"}],"replies":[{"embeddable":true,"href":"https:\/\/mcjnogent.org\/index.php\/wp-json\/wp\/v2\/comments?post=4311"}],"version-history":[{"count":10,"href":"https:\/\/mcjnogent.org\/index.php\/wp-json\/wp\/v2\/posts\/4311\/revisions"}],"predecessor-version":[{"id":4526,"href":"https:\/\/mcjnogent.org\/index.php\/wp-json\/wp\/v2\/posts\/4311\/revisions\/4526"}],"wp:featuredmedia":[{"embeddable":true,"href":"https:\/\/mcjnogent.org\/index.php\/wp-json\/wp\/v2\/media\/4313"}],"wp:attachment":[{"href":"https:\/\/mcjnogent.org\/index.php\/wp-json\/wp\/v2\/media?parent=4311"}],"wp:term":[{"taxonomy":"category","embeddable":true,"href":"https:\/\/mcjnogent.org\/index.php\/wp-json\/wp\/v2\/categories?post=4311"},{"taxonomy":"post_tag","embeddable":true,"href":"https:\/\/mcjnogent.org\/index.php\/wp-json\/wp\/v2\/tags?post=4311"}],"curies":[{"name":"wp","href":"https:\/\/api.w.org\/{rel}","templated":true}]}}