{"id":3588,"date":"2021-10-26T13:45:57","date_gmt":"2021-10-26T12:45:57","guid":{"rendered":"https:\/\/www.mcjnogent.org\/?p=3588"},"modified":"2021-10-26T13:45:57","modified_gmt":"2021-10-26T12:45:57","slug":"georges-bensoussan-la-genese-meconnue-dun-vieux-conflit-israel-palestine-1870-1949","status":"publish","type":"post","link":"https:\/\/mcjnogent.org\/index.php\/2021\/10\/26\/georges-bensoussan-la-genese-meconnue-dun-vieux-conflit-israel-palestine-1870-1949\/","title":{"rendered":"Georges Bensoussan \u00ab\u00a0La gen\u00e8se m\u00e9connue d\u2019un vieux conflit. Isra\u00ebl\/Palestine, 1870-1949\u00a0\u00bb"},"content":{"rendered":"<p style=\"text-align: center;\"><strong>Institut Universitaire d\u2019Etudes Juives Elie Wiesel<\/strong><\/p>\n<p style=\"text-align: center;\">Ann\u00e9e Universitaire 2021\/2022<\/p>\n<p style=\"text-align: center;\"><strong>Samedi 22 Janvier 2022 \u00e0 20h<\/strong><\/p>\n<p style=\"text-align: center;\"><strong>\u00ab\u00a0La gen\u00e8se m\u00e9connue d\u2019un vieux conflit. <\/strong><strong>Isra\u00ebl\/Palestine, 1870-1949&Prime;<\/strong><\/p>\n<p style=\"text-align: center;\"><strong>\u00a0 \u00a0<\/strong><strong>\u00a0Avec Georges Bensoussan<\/strong><\/p>\n<p>Le conflit isra\u00e9lo-arabe dure depuis 140 ans. En d\u00e9pit de sa faible l\u00e9talit\u00e9 sur le long terme et de l&rsquo;\u00e9troitesse de l\u2019enjeu g\u00e9ographique il passionne les m\u00e9dias. Malgr\u00e9 les efforts de g\u00e9n\u00e9rations de n\u00e9gociateurs, et la signature de plusieurs accords, il parait paradoxalement sans issue en d\u00e9pit des avanc\u00e9es r\u00e9centes, \u00e0 confirmer, entre l&rsquo;\u00c9tat juif et certains \u00c9tats du monde arabe. C\u2019est en se penchant sur ses origines qu&rsquo;on comprend mieux ce qui se joue encore aujourd&rsquo;hui. Sa gen\u00e8se met \u00e0 mal plusieurs id\u00e9es re\u00e7ues, d\u2019un c\u00f4t\u00e9 comme de l\u2019autre.<br \/>\nSi l\u2019histoire souvent d\u00e9senchante, au moins contribue-t-elle, modestement, \u00e0 donner sens au pr\u00e9sent.<br \/>\n<strong>Georges Bensoussan<\/strong> est un historien fran\u00e7ais sp\u00e9cialiste d&rsquo;histoire culturelle de l&rsquo;Europe des XIX\u1d49 et XX\u1d49 si\u00e8cle et, en particulier, des mondes juifs. Ses travaux sont notamment consacr\u00e9s \u00e0 l&rsquo;antis\u00e9mitisme, \u00e0 la Shoah, au sionisme et aux articulations entre Histoire et m\u00e9moire.\u00a0Il est l\u2019auteur de nombreux ouvrages.<br \/>\nConf\u00e9rence suivie d\u2019une s\u00e9ance de d\u00e9dicace &#8211; <strong>Paf 12 euros \u2013 R\u00e9servation 06 13 08 15 95<\/strong><br \/>\n<strong>\u00a0<\/strong><strong>Campus Val-de-Marne<\/strong><br \/>\n<strong>Maison de la Culture Juive<\/strong><br \/>\n20 rue Andr\u00e9 Pontier \u2013 94130 Nogent s\/Marne<\/p>\n","protected":false},"excerpt":{"rendered":"<p>Institut Universitaire d\u2019Etudes Juives Elie Wiesel Ann\u00e9e Universitaire 2021\/2022 Samedi 22 Janvier 2022 \u00e0 20h \u00ab\u00a0La gen\u00e8se m\u00e9connue d\u2019un vieux conflit. Isra\u00ebl\/Palestine, 1870-1949&Prime; \u00a0 \u00a0\u00a0Avec Georges Bensoussan Le conflit isra\u00e9lo-arabe dure depuis 140 ans.&#46;&#46;&#46;<\/p>\n","protected":false},"author":2,"featured_media":3694,"comment_status":"closed","ping_status":"closed","sticky":false,"template":"","format":"standard","meta":{"_EventAllDay":false,"_EventTimezone":"","_EventStartDate":"","_EventEndDate":"","_EventStartDateUTC":"","_EventEndDateUTC":"","_EventShowMap":false,"_EventShowMapLink":false,"_EventURL":"","_EventCost":"","_EventCostDescription":"","_EventCurrencySymbol":"","_EventCurrencyCode":"","_EventCurrencyPosition":"","_EventDateTimeSeparator":"","_EventTimeRangeSeparator":"","_EventOrganizerID":[],"_EventVenueID":0,"_OrganizerEmail":"","_OrganizerPhone":"","_OrganizerWebsite":"","_VenueAddress":"","_VenueCity":"","_VenueCountry":"","_VenueProvince":"","_VenueZip":"","_VenuePhone":"","_VenueURL":"","_VenueStateProvince":"","_VenueLat":"","_VenueLng":"","footnotes":""},"categories":[20,5],"tags":[],"class_list":["post-3588","post","type-post","status-publish","format-standard","has-post-thumbnail","hentry","category-conferences","category-institut-elie-wiesel"],"_links":{"self":[{"href":"https:\/\/mcjnogent.org\/index.php\/wp-json\/wp\/v2\/posts\/3588","targetHints":{"allow":["GET"]}}],"collection":[{"href":"https:\/\/mcjnogent.org\/index.php\/wp-json\/wp\/v2\/posts"}],"about":[{"href":"https:\/\/mcjnogent.org\/index.php\/wp-json\/wp\/v2\/types\/post"}],"author":[{"embeddable":true,"href":"https:\/\/mcjnogent.org\/index.php\/wp-json\/wp\/v2\/users\/2"}],"replies":[{"embeddable":true,"href":"https:\/\/mcjnogent.org\/index.php\/wp-json\/wp\/v2\/comments?post=3588"}],"version-history":[{"count":0,"href":"https:\/\/mcjnogent.org\/index.php\/wp-json\/wp\/v2\/posts\/3588\/revisions"}],"wp:featuredmedia":[{"embeddable":true,"href":"https:\/\/mcjnogent.org\/index.php\/wp-json\/wp\/v2\/media\/3694"}],"wp:attachment":[{"href":"https:\/\/mcjnogent.org\/index.php\/wp-json\/wp\/v2\/media?parent=3588"}],"wp:term":[{"taxonomy":"category","embeddable":true,"href":"https:\/\/mcjnogent.org\/index.php\/wp-json\/wp\/v2\/categories?post=3588"},{"taxonomy":"post_tag","embeddable":true,"href":"https:\/\/mcjnogent.org\/index.php\/wp-json\/wp\/v2\/tags?post=3588"}],"curies":[{"name":"wp","href":"https:\/\/api.w.org\/{rel}","templated":true}]}}