{"id":2896,"date":"2019-02-28T20:09:40","date_gmt":"2019-02-28T19:09:40","guid":{"rendered":"http:\/\/www.mcjnogent.org\/?p=2896"},"modified":"2019-02-28T20:09:40","modified_gmt":"2019-02-28T19:09:40","slug":"concert-jazz-avec-melanie-dahan-jeremy-hababou-jeremy-bruyere","status":"publish","type":"post","link":"https:\/\/mcjnogent.org\/index.php\/2019\/02\/28\/concert-jazz-avec-melanie-dahan-jeremy-hababou-jeremy-bruyere\/","title":{"rendered":"Concert Jazz avec M\u00e9lanie Dahan"},"content":{"rendered":"<div class=\"gs\">\n<div class=\"\">\n<div id=\":2od\" class=\"ii gt\">\n<div id=\":2oe\" class=\"a3s aXjCH \">\n<div dir=\"auto\">\n<div>\n<div>\n<div><\/div>\n<h2>Concert en la demeure<\/h2>\n<h2>rio Jazz avec M\u00e9lanie Da<span style=\"font-size: 16px;\">han !<\/span><\/h2>\n<h2><i><b>Le Samedi 16 mars \u00e0 20h30 <\/b><\/i><\/h2>\n<h2><i><b>nous aurons le plaisir d\u2019accueillir la chanteuse de jazz M\u00e9lanie Dahan en trio avec le pianiste Jeremy Hababou et le contrebassiste Jeremy Bruy\u00e8re.<\/b><\/i><i><b><br \/>\n<\/b><\/i><i><b>Vous trouverez ci-dessous des liens vers les sites des musiciens\u00a0<\/b><\/i><i><b><\/b><\/i><\/h2>\n<p>&nbsp;<\/p>\n<h2><i><b><\/b><\/i><i><b><a href=\"https:\/\/www.melaniedahan\/\" target=\"_blank\" rel=\"noopener noreferrer\" data-saferedirecturl=\"https:\/\/www.google.com\/url?q=https:\/\/www.melaniedahan&amp;source=gmail&amp;ust=1551466859846000&amp;usg=AFQjCNH7-_R7-P8Rny5shrzFFCcaVD_JBA\">https:\/\/www.melaniedahan<\/a>. com\u00a0<\/b><\/i><i><b><br \/>\n<\/b><\/i><i><b><a href=\"http:\/\/jeremyhababou.com\/\" target=\"_blank\" rel=\"noopener noreferrer\" data-saferedirecturl=\"https:\/\/www.google.com\/url?q=http:\/\/jeremyhababou.com&amp;source=gmail&amp;ust=1551466859846000&amp;usg=AFQjCNHbZQejpPR4It1Abv8dDw5LbOtfJQ\">jeremyhababou.com<\/a><\/b><\/i><i><b><br \/>\n<\/b><\/i><i><b><a href=\"http:\/\/www.jeremybruyeremusic.com\/\" target=\"_blank\" rel=\"noopener noreferrer\" data-saferedirecturl=\"https:\/\/www.google.com\/url?q=http:\/\/www.jeremybruyeremusic.com&amp;source=gmail&amp;ust=1551466859846000&amp;usg=AFQjCNFCG81F5QHzGEJEopVIQivQN1kZzQ\">www.<wbr \/>jeremybruyeremusic.com<\/a><\/b><\/i><i><b><br \/>\n<\/b><\/i><\/h2>\n<div><i><b><br \/>\n<\/b><\/i><i><b>La participation demand\u00e9e est de 20\u20ac r\u00e9duite \u00e0 15\u20ac pour les jeunes et demandeurs d&#8217;emploi sur simple demande.<\/b><\/i><i><b><br \/>\n<\/b><\/i><\/div>\n<div><\/div>\n<\/div>\n<div>Le Concert a lieu chez Claude Chiche 20 Rue des Angles 94130 Nogent<\/div>\n<div>R\u00e9servations 06 13 08 15 95<\/div>\n<div>\n<div>\n<div><\/div>\n<div class=\"yj6qo\"><\/div>\n<div class=\"adL\"><\/div>\n<div class=\"adL\"><\/div>\n<div class=\"adL\"><\/div>\n<\/div>\n<div class=\"adL\"><\/div>\n<div class=\"adL\"><\/div>\n<div class=\"adL\"><\/div>\n<\/div>\n<div class=\"adL\"><\/div>\n<div class=\"adL\"><\/div>\n<div class=\"adL\"><\/div>\n<\/div>\n<div class=\"adL\"><\/div>\n<\/div>\n<\/div>\n<\/div>\n<div id=\":2zc\" class=\"hq gt\">\n<div id=\":2zb\" class=\"ho\">\n<div class=\"aZi J-J5-Ji\">\n<div id=\":2z3\" class=\"T-I J-J5-Ji aZj T-I-ax7 T-I-Js-IF L3\" tabindex=\"0\" role=\"button\" aria-label=\"T\u00e9l\u00e9charger toutes les pi\u00e8ces jointes\" data-tooltip=\"T\u00e9l\u00e9charger toutes les pi\u00e8ces jointes\" aria-disabled=\"false\">\n<div class=\"a3I\"><\/div>\n<\/div>\n<div id=\":2z2\" class=\"T-I J-J5-Ji aZj T-I-ax7 T-I-Js-Gs L3\" tabindex=\"0\" role=\"button\" aria-label=\"Tout enregistrer dans Drive\" aria-disabled=\"false\" data-tooltip=\"Tout enregistrer dans Drive\">\n<div class=\"asa\">\n<div class=\"aZg T-I-J3 J-J5-Ji\">\n<div class=\"T-aT4\">\n<div><\/div>\n<div class=\"T-aT4-JX\"><\/div>\n<\/div>\n<\/div>\n<\/div>\n<div class=\"a3I\"><\/div>\n<\/div>\n<\/div>\n<\/div>\n<div id=\":2z9\"><\/div>\n<div id=\":2za\" class=\"aQH\">\n<div class=\"aZK\"><\/div>\n<\/div>\n<\/div>\n<div class=\"hi\"><\/div>\n<\/div>\n<\/div>\n","protected":false},"excerpt":{"rendered":"<p>Concert en la demeure rio Jazz avec M\u00e9lanie Dahan ! Le Samedi 16 mars \u00e0 20h30 nous aurons le plaisir d\u2019accueillir la chanteuse de jazz M\u00e9lanie Dahan en trio avec le pianiste Jeremy Hababou&#46;&#46;&#46;<\/p>\n","protected":false},"author":2,"featured_media":2897,"comment_status":"closed","ping_status":"closed","sticky":false,"template":"","format":"standard","meta":{"_EventAllDay":false,"_EventTimezone":"","_EventStartDate":"","_EventEndDate":"","_EventStartDateUTC":"","_EventEndDateUTC":"","_EventShowMap":false,"_EventShowMapLink":false,"_EventURL":"","_EventCost":"","_EventCostDescription":"","_EventCurrencySymbol":"","_EventCurrencyCode":"","_EventCurrencyPosition":"","_EventDateTimeSeparator":"","_EventTimeRangeSeparator":"","_EventOrganizerID":[],"_EventVenueID":0,"_OrganizerEmail":"","_OrganizerPhone":"","_OrganizerWebsite":"","_VenueAddress":"","_VenueCity":"","_VenueCountry":"","_VenueProvince":"","_VenueZip":"","_VenuePhone":"","_VenueURL":"","_VenueStateProvince":"","_VenueLat":"","_VenueLng":"","footnotes":""},"categories":[19],"tags":[],"class_list":["post-2896","post","type-post","status-publish","format-standard","has-post-thumbnail","hentry","category-concert-spectacles"],"_links":{"self":[{"href":"https:\/\/mcjnogent.org\/index.php\/wp-json\/wp\/v2\/posts\/2896","targetHints":{"allow":["GET"]}}],"collection":[{"href":"https:\/\/mcjnogent.org\/index.php\/wp-json\/wp\/v2\/posts"}],"about":[{"href":"https:\/\/mcjnogent.org\/index.php\/wp-json\/wp\/v2\/types\/post"}],"author":[{"embeddable":true,"href":"https:\/\/mcjnogent.org\/index.php\/wp-json\/wp\/v2\/users\/2"}],"replies":[{"embeddable":true,"href":"https:\/\/mcjnogent.org\/index.php\/wp-json\/wp\/v2\/comments?post=2896"}],"version-history":[{"count":0,"href":"https:\/\/mcjnogent.org\/index.php\/wp-json\/wp\/v2\/posts\/2896\/revisions"}],"wp:featuredmedia":[{"embeddable":true,"href":"https:\/\/mcjnogent.org\/index.php\/wp-json\/wp\/v2\/media\/2897"}],"wp:attachment":[{"href":"https:\/\/mcjnogent.org\/index.php\/wp-json\/wp\/v2\/media?parent=2896"}],"wp:term":[{"taxonomy":"category","embeddable":true,"href":"https:\/\/mcjnogent.org\/index.php\/wp-json\/wp\/v2\/categories?post=2896"},{"taxonomy":"post_tag","embeddable":true,"href":"https:\/\/mcjnogent.org\/index.php\/wp-json\/wp\/v2\/tags?post=2896"}],"curies":[{"name":"wp","href":"https:\/\/api.w.org\/{rel}","templated":true}]}}