{"id":2790,"date":"2019-01-07T12:19:35","date_gmt":"2019-01-07T11:19:35","guid":{"rendered":"http:\/\/www.mcjnogent.org\/?p=2790"},"modified":"2022-11-05T08:10:28","modified_gmt":"2022-11-05T07:10:28","slug":"le-portrait-dadolphe-cremieux","status":"publish","type":"post","link":"https:\/\/mcjnogent.org\/index.php\/2019\/01\/07\/le-portrait-dadolphe-cremieux\/","title":{"rendered":"\u00ab Le Portrait d\u2019Adolphe CREMIEUX \u00bb"},"content":{"rendered":"<h2 style=\"text-align: center\"><span style=\"font: 7pt 'Times New Roman';margin: 0px\">\u00a0 \u00a0 \u00a0 <\/span><u><span style=\"margin: 0px;color: #c00000;font-family: 'Arial',sans-serif;font-size: 14pt\">Jeudi 31 Janvier \u00e0 14h30 \u2013 Conf\u00e9rence GDP<\/span><\/u><\/h2>\n<h2 style=\"text-align: center\"><span style=\"margin: 0px;color: #1f3864;font-family: 'Helvetica',sans-serif;font-size: 12pt\">\u00a0\u00ab\u00a0Le Portrait d\u2019Adolphe CREMIEUX\u00a0\u00bb <\/span><\/h2>\n<h2 style=\"text-align: center\"><span style=\"margin: 0px;color: #1f3864;font-family: 'Helvetica',sans-serif;font-size: 12pt\">Avec Paul Krissi<br \/>\n<\/span><span style=\"margin: 0px;color: #1f3864;font-family: 'Helvetica',sans-serif;font-size: 10pt;font-weight: normal\">Avocat fran\u00e7ais, homme politique \u00e9minent, ministre, s\u00e9nateur ; importante figure du juda\u00efsme fran\u00e7ais et de la franc-ma\u00e7onnerie du XIX\u00e8me si\u00e8cle surtout connu pour le d\u00e9cret qui porte son nom en faveur des juifs d\u2019Alg\u00e9rie.<br \/>\n<\/span><span style=\"margin: 0px;color: #1f3864;font-family: 'Helvetica',sans-serif;font-size: 11pt\">Entr\u00e9e libre &#8211; Infos 06 62 08 42 92 \u2013 Maison de la Culture Juive<\/span><\/h2>\n<h2 style=\"text-align: center\" align=\"center\"><u><span style=\"margin: 0px;color: #1f3864;font-family: 'Arial',sans-serif;font-size: 11pt\">\u00a0<\/span><\/u><\/h2>\n","protected":false},"excerpt":{"rendered":"<p>\u00a0 \u00a0 \u00a0 Jeudi 31 Janvier \u00e0 14h30 \u2013 Conf\u00e9rence GDP \u00a0\u00ab\u00a0Le Portrait d\u2019Adolphe CREMIEUX\u00a0\u00bb Avec Paul Krissi Avocat fran\u00e7ais, homme politique \u00e9minent, ministre, s\u00e9nateur ; importante figure du juda\u00efsme fran\u00e7ais et de la&#46;&#46;&#46;<\/p>\n","protected":false},"author":2,"featured_media":2791,"comment_status":"closed","ping_status":"closed","sticky":false,"template":"","format":"standard","meta":{"_EventAllDay":false,"_EventTimezone":"","_EventStartDate":"","_EventEndDate":"","_EventStartDateUTC":"","_EventEndDateUTC":"","_EventShowMap":false,"_EventShowMapLink":false,"_EventURL":"","_EventCost":"","_EventCostDescription":"","_EventCurrencySymbol":"","_EventCurrencyCode":"","_EventCurrencyPosition":"","_EventDateTimeSeparator":"","_EventTimeRangeSeparator":"","_EventOrganizerID":[],"_EventVenueID":0,"_OrganizerEmail":"","_OrganizerPhone":"","_OrganizerWebsite":"","_VenueAddress":"","_VenueCity":"","_VenueCountry":"","_VenueProvince":"","_VenueZip":"","_VenuePhone":"","_VenueURL":"","_VenueStateProvince":"","_VenueLat":"","_VenueLng":"","footnotes":""},"categories":[20],"tags":[],"class_list":["post-2790","post","type-post","status-publish","format-standard","has-post-thumbnail","hentry","category-conferences"],"_links":{"self":[{"href":"https:\/\/mcjnogent.org\/index.php\/wp-json\/wp\/v2\/posts\/2790","targetHints":{"allow":["GET"]}}],"collection":[{"href":"https:\/\/mcjnogent.org\/index.php\/wp-json\/wp\/v2\/posts"}],"about":[{"href":"https:\/\/mcjnogent.org\/index.php\/wp-json\/wp\/v2\/types\/post"}],"author":[{"embeddable":true,"href":"https:\/\/mcjnogent.org\/index.php\/wp-json\/wp\/v2\/users\/2"}],"replies":[{"embeddable":true,"href":"https:\/\/mcjnogent.org\/index.php\/wp-json\/wp\/v2\/comments?post=2790"}],"version-history":[{"count":1,"href":"https:\/\/mcjnogent.org\/index.php\/wp-json\/wp\/v2\/posts\/2790\/revisions"}],"predecessor-version":[{"id":4424,"href":"https:\/\/mcjnogent.org\/index.php\/wp-json\/wp\/v2\/posts\/2790\/revisions\/4424"}],"wp:featuredmedia":[{"embeddable":true,"href":"https:\/\/mcjnogent.org\/index.php\/wp-json\/wp\/v2\/media\/2791"}],"wp:attachment":[{"href":"https:\/\/mcjnogent.org\/index.php\/wp-json\/wp\/v2\/media?parent=2790"}],"wp:term":[{"taxonomy":"category","embeddable":true,"href":"https:\/\/mcjnogent.org\/index.php\/wp-json\/wp\/v2\/categories?post=2790"},{"taxonomy":"post_tag","embeddable":true,"href":"https:\/\/mcjnogent.org\/index.php\/wp-json\/wp\/v2\/tags?post=2790"}],"curies":[{"name":"wp","href":"https:\/\/api.w.org\/{rel}","templated":true}]}}