{"id":2719,"date":"2018-11-02T07:22:23","date_gmt":"2018-11-02T06:22:23","guid":{"rendered":"http:\/\/www.mcjnogent.org\/?p=2719"},"modified":"2018-11-02T07:22:23","modified_gmt":"2018-11-02T06:22:23","slug":"la-judee-antique-face-aux-empires-des-assyriens-aux-romains-4","status":"publish","type":"post","link":"https:\/\/mcjnogent.org\/index.php\/2018\/11\/02\/la-judee-antique-face-aux-empires-des-assyriens-aux-romains-4\/","title":{"rendered":"La Jud\u00e9e antique face aux Empires (des Assyriens aux Romains)"},"content":{"rendered":"<p style=\"text-align: center;\">Institut Elie Wiesel \/ Campus Val de Marne<\/p>\n<p style=\"text-align: center;\">CYCLE DE COURS<\/p>\n<h3 style=\"text-align: center;\"><strong>La Jud\u00e9e antique face aux Empires (des Assyriens aux Romains)<\/strong><\/h3>\n<p style=\"text-align: center;\"><em>Un mill\u00e9naire de luttes pour la Libert\u00e9<\/em><\/p>\n<p style=\"text-align: center;\"><strong>Avec Micha\u00ebl Jasmin,<\/strong>\u00a0Docteur en arch\u00e9ologie orientale<\/p>\n<p>Ce cours traitera des grands moments de luttes de la Jud\u00e9e (les rois jud\u00e9ens, les Hasmon\u00e9ens, les r\u00e9voltes juives sous les romains)\u00a0pour conserver ou retrouver leur autonomie politique et culturelle. On peut isoler deux grandes p\u00e9riodes : durant le 1er temple face aux empires assyrien, babylonien et perse (du 8e au 5e si\u00e8cle avant notre \u00e8re), puis durant le second temple avec la p\u00e9riode gr\u00e9co-romaine\u00a0\u00a0(du 2e si\u00e8cle avant au 2e si\u00e8cle de notre \u00e8re). L\u2019ensemble de ces luttes couvre donc une p\u00e9riode pr\u00e8s d\u2019un mill\u00e9naire<br \/>\n<strong>Cours 1\u00a0<\/strong>La Jud\u00e9e face aux assyriens (le si\u00e8ge de J\u00e9rusalem par le roi Sennach\u00e9rib) puis aux babyloniens (le si\u00e8ge et la destruction de J\u00e9rusalem par Nabuchodonosor) puis aux perses (le retour d\u2019Exil et la reconstruction du 2e temple).<br \/>\n<strong>Cours 2\u00a0<\/strong>La Jud\u00e9e face \u00e0 l\u2019empire\u00a0hell\u00e9nistique avec la lutte des Maccab\u00e9es et\u00a0les rois Hasmon\u00e9ens.<br \/>\n<strong>Cours 3\u00a0<\/strong>La Jud\u00e9e face aux\u00a0romains \u2013 la premi\u00e8re r\u00e9volte juive : les si\u00e8ges de J\u00e9rusalem et de Massada.<br \/>\n<strong>Cours 4\u00a0<\/strong>La Jud\u00e9e face aux\u00a0romains \u2013 la seconde r\u00e9volte juive\u00a0dite de Bar Kokhba.<br \/>\n<strong>4 s\u00e9ances de 2h00 de 19h30 \u00e0 21h30 :\u00a0<\/strong><br \/>\n<strong>Mercredi 07 novembre 2018\u00a0<\/strong><br \/>\n<strong>Mercredi 14 novembre 2018<\/strong><br \/>\n<strong>Mercredi 21 novembre 2018<\/strong><br \/>\n<strong>Mercredi 5 D\u00e9cembre 2018<\/strong><br \/>\n<strong>Campus Val-de-Marne\u00a0\u00a0<\/strong>Inscriptions 06 13 08 15 95\u00a0 \u2013\u00a0 PAF 50 Euros le Cycle \u2013 Etudiants &amp; Ch\u00f4meurs 1\/2 Tarif<br \/>\n<strong>Maison de la Culture Juive \u2013\u00a0<\/strong>20 rue Andr\u00e9 Pontier \u2013 94130 Nogent s\/Marne<br \/>\n&nbsp;<\/p>\n","protected":false},"excerpt":{"rendered":"<p>Institut Elie Wiesel \/ Campus Val de Marne CYCLE DE COURS La Jud\u00e9e antique face aux Empires (des Assyriens aux Romains) Un mill\u00e9naire de luttes pour la Libert\u00e9 Avec Micha\u00ebl Jasmin,\u00a0Docteur en arch\u00e9ologie orientale&#46;&#46;&#46;<\/p>\n","protected":false},"author":2,"featured_media":2628,"comment_status":"closed","ping_status":"closed","sticky":false,"template":"","format":"standard","meta":{"_EventAllDay":false,"_EventTimezone":"","_EventStartDate":"","_EventEndDate":"","_EventStartDateUTC":"","_EventEndDateUTC":"","_EventShowMap":false,"_EventShowMapLink":false,"_EventURL":"","_EventCost":"","_EventCostDescription":"","_EventCurrencySymbol":"","_EventCurrencyCode":"","_EventCurrencyPosition":"","_EventDateTimeSeparator":"","_EventTimeRangeSeparator":"","_EventOrganizerID":[],"_EventVenueID":0,"_OrganizerEmail":"","_OrganizerPhone":"","_OrganizerWebsite":"","_VenueAddress":"","_VenueCity":"","_VenueCountry":"","_VenueProvince":"","_VenueZip":"","_VenuePhone":"","_VenueURL":"","_VenueStateProvince":"","_VenueLat":"","_VenueLng":"","footnotes":""},"categories":[5],"tags":[],"class_list":["post-2719","post","type-post","status-publish","format-standard","has-post-thumbnail","hentry","category-institut-elie-wiesel"],"_links":{"self":[{"href":"https:\/\/mcjnogent.org\/index.php\/wp-json\/wp\/v2\/posts\/2719","targetHints":{"allow":["GET"]}}],"collection":[{"href":"https:\/\/mcjnogent.org\/index.php\/wp-json\/wp\/v2\/posts"}],"about":[{"href":"https:\/\/mcjnogent.org\/index.php\/wp-json\/wp\/v2\/types\/post"}],"author":[{"embeddable":true,"href":"https:\/\/mcjnogent.org\/index.php\/wp-json\/wp\/v2\/users\/2"}],"replies":[{"embeddable":true,"href":"https:\/\/mcjnogent.org\/index.php\/wp-json\/wp\/v2\/comments?post=2719"}],"version-history":[{"count":0,"href":"https:\/\/mcjnogent.org\/index.php\/wp-json\/wp\/v2\/posts\/2719\/revisions"}],"wp:featuredmedia":[{"embeddable":true,"href":"https:\/\/mcjnogent.org\/index.php\/wp-json\/wp\/v2\/media\/2628"}],"wp:attachment":[{"href":"https:\/\/mcjnogent.org\/index.php\/wp-json\/wp\/v2\/media?parent=2719"}],"wp:term":[{"taxonomy":"category","embeddable":true,"href":"https:\/\/mcjnogent.org\/index.php\/wp-json\/wp\/v2\/categories?post=2719"},{"taxonomy":"post_tag","embeddable":true,"href":"https:\/\/mcjnogent.org\/index.php\/wp-json\/wp\/v2\/tags?post=2719"}],"curies":[{"name":"wp","href":"https:\/\/api.w.org\/{rel}","templated":true}]}}