{"id":1287,"date":"2015-10-08T09:42:26","date_gmt":"2015-10-08T08:42:26","guid":{"rendered":"http:\/\/www.mcjnogent.org\/?p=1287"},"modified":"2015-10-08T09:42:26","modified_gmt":"2015-10-08T08:42:26","slug":"les-penseurs-juifs-de-la-liberation","status":"publish","type":"post","link":"https:\/\/mcjnogent.org\/index.php\/2015\/10\/08\/les-penseurs-juifs-de-la-liberation\/","title":{"rendered":"<center>Les penseurs juifs de la Lib\u00e9ration"},"content":{"rendered":"<p style=\"text-align: center;\"><strong><em>Les penseurs juifs de la Lib\u00e9ration<\/em><\/strong><strong><em><br \/>\n<\/em><\/strong><strong><em>\u00a0<\/em><\/strong><\/p>\n<p style=\"text-align: center;\"><strong>avec Sandrine Szwarc<br \/>\n<\/strong><em>Docteur en histoire des Religions. Ecole Pratique des Hautes Etudes<\/em><\/p>\n<ol style=\"text-align: center;\">\n<li>Qu\u2019est-ce que l\u2019Ecole de pens\u00e9e juive de Paris\u00a0?<\/li>\n<li>Jacob Gordin et M. Chouchani, les pr\u00e9curseurs des penseurs juifs de l\u2019universel<\/li>\n<li>E. Levinas, A. Neher, E. Amado Levy-Valensi et les grands d\u00e9bats de la pens\u00e9e juive\u00a0: des intellectuels juifs face aux sources de la Tradition<\/li>\n<li>L\u2019Ecole d\u2019Orsay, L. Ashkenazi\u00a0et ses disciples\u00a0: que reste-t-il de cette exp\u00e9rience\u00a0?<\/li>\n<\/ol>\n<p>&nbsp;<\/p>\n<p style=\"text-align: center;\">\u00a0\u00a0 \u00a0Au lendemain de la Seconde Guerre mondiale, une exp\u00e9rience de la pens\u00e9e in\u00e9dite s\u2019est d\u00e9velopp\u00e9e en France, connue sous le nom d\u2019<em>Ecole de Pens\u00e9e juive de Paris<\/em>. Redonner ses lettres de noblesse aux Textes de la Tradition,\u00a0 ramener sous le giron du juda\u00efsme les intellectuels juifs qui s\u2019en \u00e9taient \u00e9loign\u00e9s et former les cadres de demain, tels furent les trois objectifs principaux de cette exp\u00e9rience illustr\u00e9e par la cr\u00e9ation de l\u2019<em>Ecole Gilbert Bloch d\u2019Orsay<\/em> en 1946 et quelques ann\u00e9es plus tard par le <em>Colloque des intellectuels juifs de langue fran\u00e7aise<\/em>. Edmond Fleg, Andr\u00e9 Neher, L\u00e9on Askenazi, Vladimir Jankelevitch, Eliane Amado-Levy-Valensi, Emmanuel Levinas et tant d\u2019autres \u00e9minentes personnalit\u00e9s dont les noms r\u00e9sonnent avec admiration de nos jours, marqu\u00e8rent ce courant orient\u00e9 vers une double fid\u00e9lit\u00e9 vou\u00e9e \u00e0 la fois au juda\u00efsme et \u00e0 l\u2019universel. Les inspirateurs de cette exp\u00e9rience furent incontestablement Jacob Gordin (1896-1947) mais aussi l\u2019\u00e9trange M. Chouchani. Que reste-t-il aujourd\u2019hui de cette exp\u00e9rience\u00a0?<\/p>\n<p style=\"text-align: center;\">Jeudi 12-19-26 novembre et 3 d\u00e9cembre 2015<\/p>\n<p style=\"text-align: center;\">de 19h30 \u00e0 21h00 &#8211;\u00a0 PAF : 50 \u20ac<\/p>\n","protected":false},"excerpt":{"rendered":"<p>Les penseurs juifs de la Lib\u00e9ration \u00a0 avec Sandrine Szwarc Docteur en histoire des Religions. Ecole Pratique des Hautes Etudes Qu\u2019est-ce que l\u2019Ecole de pens\u00e9e juive de Paris\u00a0? Jacob Gordin et M. Chouchani, les&#46;&#46;&#46;<\/p>\n","protected":false},"author":2,"featured_media":1288,"comment_status":"closed","ping_status":"closed","sticky":false,"template":"","format":"standard","meta":{"_EventAllDay":false,"_EventTimezone":"","_EventStartDate":"","_EventEndDate":"","_EventStartDateUTC":"","_EventEndDateUTC":"","_EventShowMap":false,"_EventShowMapLink":false,"_EventURL":"","_EventCost":"","_EventCostDescription":"","_EventCurrencySymbol":"","_EventCurrencyCode":"","_EventCurrencyPosition":"","_EventDateTimeSeparator":"","_EventTimeRangeSeparator":"","_EventOrganizerID":[],"_EventVenueID":0,"_OrganizerEmail":"","_OrganizerPhone":"","_OrganizerWebsite":"","_VenueAddress":"","_VenueCity":"","_VenueCountry":"","_VenueProvince":"","_VenueZip":"","_VenuePhone":"","_VenueURL":"","_VenueStateProvince":"","_VenueLat":"","_VenueLng":"","footnotes":""},"categories":[5],"tags":[],"class_list":["post-1287","post","type-post","status-publish","format-standard","has-post-thumbnail","hentry","category-institut-elie-wiesel"],"_links":{"self":[{"href":"https:\/\/mcjnogent.org\/index.php\/wp-json\/wp\/v2\/posts\/1287","targetHints":{"allow":["GET"]}}],"collection":[{"href":"https:\/\/mcjnogent.org\/index.php\/wp-json\/wp\/v2\/posts"}],"about":[{"href":"https:\/\/mcjnogent.org\/index.php\/wp-json\/wp\/v2\/types\/post"}],"author":[{"embeddable":true,"href":"https:\/\/mcjnogent.org\/index.php\/wp-json\/wp\/v2\/users\/2"}],"replies":[{"embeddable":true,"href":"https:\/\/mcjnogent.org\/index.php\/wp-json\/wp\/v2\/comments?post=1287"}],"version-history":[{"count":0,"href":"https:\/\/mcjnogent.org\/index.php\/wp-json\/wp\/v2\/posts\/1287\/revisions"}],"wp:featuredmedia":[{"embeddable":true,"href":"https:\/\/mcjnogent.org\/index.php\/wp-json\/wp\/v2\/media\/1288"}],"wp:attachment":[{"href":"https:\/\/mcjnogent.org\/index.php\/wp-json\/wp\/v2\/media?parent=1287"}],"wp:term":[{"taxonomy":"category","embeddable":true,"href":"https:\/\/mcjnogent.org\/index.php\/wp-json\/wp\/v2\/categories?post=1287"},{"taxonomy":"post_tag","embeddable":true,"href":"https:\/\/mcjnogent.org\/index.php\/wp-json\/wp\/v2\/tags?post=1287"}],"curies":[{"name":"wp","href":"https:\/\/api.w.org\/{rel}","templated":true}]}}